{"id":5539,"date":"2025-02-03T10:04:19","date_gmt":"2025-02-03T10:04:19","guid":{"rendered":"https:\/\/zipline-dolinka.si\/?p=5539"},"modified":"2025-04-02T10:47:48","modified_gmt":"2025-04-02T10:47:48","slug":"zipline-dolinka-gyerekekkel-csaladi-elmeny-bled","status":"publish","type":"post","link":"https:\/\/zipline-dolinka.si\/hu\/blog\/zipline-dolinka-gyerekekkel-csaladi-elmeny-bled\/","title":{"rendered":"Csal\u00e1dbar\u00e1t a Zipline Dolinka? A v\u00e9gs\u0151 \u00fatmutat\u00f3 a zipline kalandhoz gyerekekkel Szlov\u00e9ni\u00e1ban"},"content":{"rendered":"\n<p><strong>Olvas\u00e1si id\u0151: 2 perc<\/strong><\/p>\n\n\n\n<p>Szeret a csal\u00e1dod kalandozni? Ha Szlov\u00e9ni\u00e1ban, Bled v\u00e1ros\u00e1ban j\u00e1rtok, \u00e9s egy izgalmas szabadt\u00e9ri programot kerestek, joggal mer\u00fcl fel a k\u00e9rd\u00e9s:&nbsp;<strong>Biztons\u00e1gos \u00e9s \u00e9lvezetes a zipline a gyerekeknek is?<\/strong>&nbsp;A v\u00e1lasz:&nbsp;<strong>igen!<\/strong>&nbsp;A&nbsp;<strong>Zipline Dolinka<\/strong>felejthetetlen \u00e9lm\u00e9nyt k\u00edn\u00e1l csal\u00e1doknak, ahol a Sava Dolinka foly\u00f3 v\u00f6lgye felett rep\u00fclhettek \u00e1t, mik\u00f6zben profi vezet\u0151k gondoskodnak a biztons\u00e1gr\u00f3l \u00e9s a sz\u00f3rakoz\u00e1sr\u00f3l minden koroszt\u00e1ly sz\u00e1m\u00e1ra.<\/p>\n\n\n\n<h3 class=\"wp-block-heading\">Mi\u00e9rt ide\u00e1lis a Zipline Dolinka csal\u00e1dok sz\u00e1m\u00e1ra?<\/h3>\n\n\n\n<p>\u2705&nbsp;<strong>Biztons\u00e1gos \u00e9s megb\u00edzhat\u00f3<\/strong>&nbsp;\u2013 A p\u00e1lya a legmagasabb biztons\u00e1gi el\u0151\u00edr\u00e1soknak felel meg, a tapasztalt vezet\u0151k minden r\u00e9sztvev\u0151t megfelel\u0151 felszerel\u00e9ssel \u00e9s magabiztoss\u00e1ggal ind\u00edtanak \u00fatnak.<br>\u2705&nbsp;<strong>Sz\u00f3rakoz\u00e1s gyerekeknek \u00e9s sz\u00fcl\u0151knek is<\/strong>&nbsp;\u2013 H\u00e9t izgalmas zipline szakasz, ahol mindenki \u00e1t\u00e9lheti a rep\u00fcl\u00e9s \u00f6r\u00f6m\u00e9t a term\u00e9szetben.<br>\u2705&nbsp;<strong>L\u00e9legzetel\u00e1ll\u00edt\u00f3 kil\u00e1t\u00e1s<\/strong>&nbsp;\u2013 Kanyonok, erd\u0151k \u00e9s a smaragdz\u00f6ld Sava Dolinka foly\u00f3 f\u00f6l\u00f6tt sz\u00e1rnyalva, a J\u00faliai-Alpok \u00f6lel\u00e9s\u00e9ben.<br>\u2705&nbsp;<strong>K\u00f6rnyezettudatos kaland<\/strong>&nbsp;\u2013 A Zipline Dolinka a fenntarthat\u00f3 turizmust t\u00e1mogatja, felel\u0151ss\u00e9gteljes term\u00e9szet\u00e9lm\u00e9nyt ny\u00fajtva.<\/p>\n\n\n\n<h3 class=\"wp-block-heading\">Kik vehetnek r\u00e9szt?<\/h3>\n\n\n\n<p>\u2714\ufe0f 6 \u00e9vesn\u00e9l id\u0151sebb gyermekek sz\u00fcl\u0151i vagy gondvisel\u0151i k\u00eds\u00e9rettel r\u00e9szt vehetnek.<br>\u2714\ufe0f A 6\u201312 \u00e9ves gyerekek tandem rep\u00fcl\u00e9sben vehetnek r\u00e9szt tapasztalt vezet\u0151vel.<br>\u2714\ufe0f Nincs sz\u00fcks\u00e9g el\u0151zetes tapasztalatra \u2013 a vezet\u0151k minden sz\u00fcks\u00e9ges instrukci\u00f3t megadnak a kezd\u00e9s el\u0151tt.<\/p>\n\n\n\n<h3 class=\"wp-block-heading\">Mire sz\u00e1m\u00edthatsz a zipline kaland sor\u00e1n?<\/h3>\n\n\n\n<p>1\ufe0f\u20e3 Tal\u00e1lkoz\u00e1s a vezet\u0151kkel, majd profi be\u00fcl\u0151k \u00e9s sisakok felv\u00e9tele.<br>2\ufe0f\u20e3 R\u00f6vid t\u00fara az els\u0151 platformhoz \u2013 t\u00f6k\u00e9letes bemeleg\u00edt\u00e9s!<br>3\ufe0f\u20e3 Rep\u00fcl\u00e9s 7 k\u00fcl\u00f6nb\u00f6z\u0151 zipline-on kereszt\u00fcl, mindegyik egyedi kil\u00e1t\u00e1st k\u00edn\u00e1l.<br>4\ufe0f\u20e3 \u00dcnnepelj\u00e9tek meg egy\u00fctt a kalandot, \u00e9s \u00f6r\u00f6k\u00edts\u00e9tek meg a legszebb csal\u00e1di pillanatokat Szlov\u00e9ni\u00e1ban.<\/p>\n\n\n\n<h3 class=\"wp-block-heading\">Tervezd meg a csal\u00e1di zipline kalandot m\u00e9g ma!<\/h3>\n\n\n\n<p>Gyerekbar\u00e1t programot keresel Bledben? A Zipline Dolinka t\u00f6k\u00e9letes v\u00e1laszt\u00e1s \u2013 term\u00e9szet, kaland \u00e9s csal\u00e1di \u00e9lm\u00e9ny egyben. Kombin\u00e1lj\u00e1tok a napot egy l\u00e1togat\u00e1ssal a Bledi-t\u00f3hoz vagy haj\u00f3k\u00e1zzatok a Bledi-szigetre egy felejthetetlen nap\u00e9rt!<\/p>\n\n\n\n<p>\ud83d\udc49\u00a0<strong><a href=\"https:\/\/zipline-dolinka.si\/hu\/#wp-block-themeisle-blocks-advanced-heading-380de660\">Foglalj\u00e1tok le most a Zipline Dolinka kalandotokat!<\/a><\/strong><\/p>\n","protected":false},"excerpt":{"rendered":"<p>Olvas\u00e1si id\u0151: 2 perc Szeret a csal\u00e1dod kalandozni? Ha Szlov\u00e9ni\u00e1ban, Bled v\u00e1ros\u00e1ban j\u00e1rtok, \u00e9s egy izgalmas szabadt\u00e9ri programot kerestek, joggal mer\u00fcl fel a k\u00e9rd\u00e9s:&nbsp;Biztons\u00e1gos \u00e9s \u00e9lvezetes a zipline a gyerekeknek is?&nbsp;A v\u00e1lasz:&nbsp;igen!&nbsp;A&nbsp;Zipline Dolinkafelejthetetlen \u00e9lm\u00e9nyt k\u00edn\u00e1l csal\u00e1doknak, ahol a Sava Dolinka foly\u00f3 v\u00f6lgye felett rep\u00fclhettek \u00e1t, mik\u00f6zben profi vezet\u0151k gondoskodnak a biztons\u00e1gr\u00f3l \u00e9s a sz\u00f3rakoz\u00e1sr\u00f3l minden&hellip;&nbsp;<a href=\"https:\/\/zipline-dolinka.si\/hu\/blog\/zipline-dolinka-gyerekekkel-csaladi-elmeny-bled\/\" rel=\"bookmark\">Read More &raquo;<span class=\"screen-reader-text\">Csal\u00e1dbar\u00e1t a Zipline Dolinka? A v\u00e9gs\u0151 \u00fatmutat\u00f3 a zipline kalandhoz gyerekekkel Szlov\u00e9ni\u00e1ban<\/span><\/a><\/p>\n","protected":false},"author":2,"featured_media":4715,"comment_status":"open","ping_status":"open","sticky":false,"template":"","format":"standard","meta":{"neve_meta_sidebar":"","neve_meta_container":"","neve_meta_enable_content_width":"","neve_meta_content_width":0,"neve_meta_title_alignment":"","neve_meta_author_avatar":"","neve_post_elements_order":"","neve_meta_disable_header":"","neve_meta_disable_footer":"","neve_meta_disable_title":"","_themeisle_gutenberg_block_has_review":false,"footnotes":""},"categories":[28],"tags":[],"class_list":["post-5539","post","type-post","status-publish","format-standard","has-post-thumbnail","hentry","category-uncategorized-hu"],"yoast_head":"<!-- This site is optimized with the Yoast SEO plugin v27.0 - https:\/\/yoast.com\/product\/yoast-seo-wordpress\/ -->\n<title>Csal\u00e1dbar\u00e1t a Zipline Dolinka? A v\u00e9gs\u0151 \u00fatmutat\u00f3 a zipline kalandhoz gyerekekkel Szlov\u00e9ni\u00e1ban - Zipline Dolinka<\/title>\n<meta name=\"description\" content=\"A bledi Zipline Dolinka egy biztons\u00e1gos \u00e9s csal\u00e1dbar\u00e1t kaland gyerekekkel - l\u00e9legzetel\u00e1ll\u00edt\u00f3 term\u00e9szet \u00e9s garant\u00e1lt sz\u00f3rakoz\u00e1s kicsiknek \u00e9s nagyoknak.\" \/>\n<meta name=\"robots\" content=\"index, follow, max-snippet:-1, max-image-preview:large, max-video-preview:-1\" \/>\n<link rel=\"canonical\" href=\"https:\/\/zipline-dolinka.si\/hu\/blog\/zipline-dolinka-gyerekekkel-csaladi-elmeny-bled\/\" \/>\n<meta property=\"og:locale\" content=\"hu_HU\" \/>\n<meta property=\"og:type\" content=\"article\" \/>\n<meta property=\"og:title\" content=\"Csal\u00e1dbar\u00e1t a Zipline Dolinka? A v\u00e9gs\u0151 \u00fatmutat\u00f3 a zipline kalandhoz gyerekekkel Szlov\u00e9ni\u00e1ban - Zipline Dolinka\" \/>\n<meta property=\"og:description\" content=\"A bledi Zipline Dolinka egy biztons\u00e1gos \u00e9s csal\u00e1dbar\u00e1t kaland gyerekekkel - l\u00e9legzetel\u00e1ll\u00edt\u00f3 term\u00e9szet \u00e9s garant\u00e1lt sz\u00f3rakoz\u00e1s kicsiknek \u00e9s nagyoknak.\" \/>\n<meta property=\"og:url\" content=\"https:\/\/zipline-dolinka.si\/hu\/blog\/zipline-dolinka-gyerekekkel-csaladi-elmeny-bled\/\" \/>\n<meta property=\"og:site_name\" content=\"Zipline Dolinka\" \/>\n<meta property=\"article:publisher\" content=\"https:\/\/www.facebook.com\/ZiplineDolinka\/\" \/>\n<meta property=\"article:published_time\" content=\"2025-02-03T10:04:19+00:00\" \/>\n<meta property=\"article:modified_time\" content=\"2025-04-02T10:47:48+00:00\" \/>\n<meta property=\"og:image\" content=\"https:\/\/zipline-dolinka.si\/wp-content\/uploads\/2025\/01\/000_5117-Edit-scaled.jpg\" \/>\n\t<meta property=\"og:image:width\" content=\"2560\" \/>\n\t<meta property=\"og:image:height\" content=\"1706\" \/>\n\t<meta property=\"og:image:type\" content=\"image\/jpeg\" \/>\n<meta name=\"author\" content=\"Milos Azman\" \/>\n<meta name=\"twitter:card\" content=\"summary_large_image\" \/>\n<meta name=\"twitter:label1\" content=\"Szerz\u0151:\" \/>\n\t<meta name=\"twitter:data1\" content=\"Milos Azman\" \/>\n\t<meta name=\"twitter:label2\" content=\"Becs\u00fclt olvas\u00e1si id\u0151\" \/>\n\t<meta name=\"twitter:data2\" content=\"2 perc\" \/>\n<script type=\"application\/ld+json\" class=\"yoast-schema-graph\">{\"@context\":\"https:\/\/schema.org\",\"@graph\":[{\"@type\":\"Article\",\"@id\":\"https:\/\/zipline-dolinka.si\/hu\/blog\/zipline-dolinka-gyerekekkel-csaladi-elmeny-bled\/#article\",\"isPartOf\":{\"@id\":\"https:\/\/zipline-dolinka.si\/hu\/blog\/zipline-dolinka-gyerekekkel-csaladi-elmeny-bled\/\"},\"author\":{\"name\":\"Milos Azman\",\"@id\":\"https:\/\/zipline-dolinka.si\/hu\/#\/schema\/person\/0ca1eb4972778708158357626c859264\"},\"headline\":\"Csal\u00e1dbar\u00e1t a Zipline Dolinka? A v\u00e9gs\u0151 \u00fatmutat\u00f3 a zipline kalandhoz gyerekekkel Szlov\u00e9ni\u00e1ban\",\"datePublished\":\"2025-02-03T10:04:19+00:00\",\"dateModified\":\"2025-04-02T10:47:48+00:00\",\"mainEntityOfPage\":{\"@id\":\"https:\/\/zipline-dolinka.si\/hu\/blog\/zipline-dolinka-gyerekekkel-csaladi-elmeny-bled\/\"},\"wordCount\":437,\"commentCount\":0,\"publisher\":{\"@id\":\"https:\/\/zipline-dolinka.si\/hu\/#organization\"},\"image\":{\"@id\":\"https:\/\/zipline-dolinka.si\/hu\/blog\/zipline-dolinka-gyerekekkel-csaladi-elmeny-bled\/#primaryimage\"},\"thumbnailUrl\":\"https:\/\/zipline-dolinka.si\/wp-content\/uploads\/2025\/01\/000_5117-Edit-scaled.jpg\",\"articleSection\":[\"Uncategorized @hu\"],\"inLanguage\":\"hu\",\"potentialAction\":[{\"@type\":\"CommentAction\",\"name\":\"Comment\",\"target\":[\"https:\/\/zipline-dolinka.si\/hu\/blog\/zipline-dolinka-gyerekekkel-csaladi-elmeny-bled\/#respond\"]}]},{\"@type\":\"WebPage\",\"@id\":\"https:\/\/zipline-dolinka.si\/hu\/blog\/zipline-dolinka-gyerekekkel-csaladi-elmeny-bled\/\",\"url\":\"https:\/\/zipline-dolinka.si\/hu\/blog\/zipline-dolinka-gyerekekkel-csaladi-elmeny-bled\/\",\"name\":\"Csal\u00e1dbar\u00e1t a Zipline Dolinka? A v\u00e9gs\u0151 \u00fatmutat\u00f3 a zipline kalandhoz gyerekekkel Szlov\u00e9ni\u00e1ban - Zipline Dolinka\",\"isPartOf\":{\"@id\":\"https:\/\/zipline-dolinka.si\/hu\/#website\"},\"primaryImageOfPage\":{\"@id\":\"https:\/\/zipline-dolinka.si\/hu\/blog\/zipline-dolinka-gyerekekkel-csaladi-elmeny-bled\/#primaryimage\"},\"image\":{\"@id\":\"https:\/\/zipline-dolinka.si\/hu\/blog\/zipline-dolinka-gyerekekkel-csaladi-elmeny-bled\/#primaryimage\"},\"thumbnailUrl\":\"https:\/\/zipline-dolinka.si\/wp-content\/uploads\/2025\/01\/000_5117-Edit-scaled.jpg\",\"datePublished\":\"2025-02-03T10:04:19+00:00\",\"dateModified\":\"2025-04-02T10:47:48+00:00\",\"description\":\"A bledi Zipline Dolinka egy biztons\u00e1gos \u00e9s csal\u00e1dbar\u00e1t kaland gyerekekkel - l\u00e9legzetel\u00e1ll\u00edt\u00f3 term\u00e9szet \u00e9s garant\u00e1lt sz\u00f3rakoz\u00e1s kicsiknek \u00e9s nagyoknak.\",\"breadcrumb\":{\"@id\":\"https:\/\/zipline-dolinka.si\/hu\/blog\/zipline-dolinka-gyerekekkel-csaladi-elmeny-bled\/#breadcrumb\"},\"inLanguage\":\"hu\",\"potentialAction\":[{\"@type\":\"ReadAction\",\"target\":[\"https:\/\/zipline-dolinka.si\/hu\/blog\/zipline-dolinka-gyerekekkel-csaladi-elmeny-bled\/\"]}]},{\"@type\":\"ImageObject\",\"inLanguage\":\"hu\",\"@id\":\"https:\/\/zipline-dolinka.si\/hu\/blog\/zipline-dolinka-gyerekekkel-csaladi-elmeny-bled\/#primaryimage\",\"url\":\"https:\/\/zipline-dolinka.si\/wp-content\/uploads\/2025\/01\/000_5117-Edit-scaled.jpg\",\"contentUrl\":\"https:\/\/zipline-dolinka.si\/wp-content\/uploads\/2025\/01\/000_5117-Edit-scaled.jpg\",\"width\":2560,\"height\":1706},{\"@type\":\"BreadcrumbList\",\"@id\":\"https:\/\/zipline-dolinka.si\/hu\/blog\/zipline-dolinka-gyerekekkel-csaladi-elmeny-bled\/#breadcrumb\",\"itemListElement\":[{\"@type\":\"ListItem\",\"position\":1,\"name\":\"Kezd\u0151lap\",\"item\":\"https:\/\/zipline-dolinka.si\/hu\/\"},{\"@type\":\"ListItem\",\"position\":2,\"name\":\"Csal\u00e1dbar\u00e1t a Zipline Dolinka? A v\u00e9gs\u0151 \u00fatmutat\u00f3 a zipline kalandhoz gyerekekkel Szlov\u00e9ni\u00e1ban\"}]},{\"@type\":\"WebSite\",\"@id\":\"https:\/\/zipline-dolinka.si\/hu\/#website\",\"url\":\"https:\/\/zipline-dolinka.si\/hu\/\",\"name\":\"Zipline Dolinka\",\"description\":\"The Longest Zipline in Europe\",\"publisher\":{\"@id\":\"https:\/\/zipline-dolinka.si\/hu\/#organization\"},\"potentialAction\":[{\"@type\":\"SearchAction\",\"target\":{\"@type\":\"EntryPoint\",\"urlTemplate\":\"https:\/\/zipline-dolinka.si\/hu\/?s={search_term_string}\"},\"query-input\":{\"@type\":\"PropertyValueSpecification\",\"valueRequired\":true,\"valueName\":\"search_term_string\"}}],\"inLanguage\":\"hu\"},{\"@type\":\"Organization\",\"@id\":\"https:\/\/zipline-dolinka.si\/hu\/#organization\",\"name\":\"Zipline Dolinka Bled\",\"url\":\"https:\/\/zipline-dolinka.si\/hu\/\",\"logo\":{\"@type\":\"ImageObject\",\"inLanguage\":\"hu\",\"@id\":\"https:\/\/zipline-dolinka.si\/hu\/#\/schema\/logo\/image\/\",\"url\":\"https:\/\/zipline-dolinka.si\/wp-content\/uploads\/2022\/05\/cropped-ziplinedolonka-favicon.png\",\"contentUrl\":\"https:\/\/zipline-dolinka.si\/wp-content\/uploads\/2022\/05\/cropped-ziplinedolonka-favicon.png\",\"width\":512,\"height\":512,\"caption\":\"Zipline Dolinka Bled\"},\"image\":{\"@id\":\"https:\/\/zipline-dolinka.si\/hu\/#\/schema\/logo\/image\/\"},\"sameAs\":[\"https:\/\/www.facebook.com\/ZiplineDolinka\/\",\"https:\/\/www.tripadvisor.com\/Attraction_Review-g274863-d14139627-Reviews-Zipline_Dolinka-Bled_Upper_Carniola_Region.html\"]},{\"@type\":\"Person\",\"@id\":\"https:\/\/zipline-dolinka.si\/hu\/#\/schema\/person\/0ca1eb4972778708158357626c859264\",\"name\":\"Milos Azman\",\"image\":{\"@type\":\"ImageObject\",\"inLanguage\":\"hu\",\"@id\":\"https:\/\/zipline-dolinka.si\/hu\/#\/schema\/person\/image\/\",\"url\":\"https:\/\/secure.gravatar.com\/avatar\/e78741af444c7be3cb4a82a6e931f1eec22a7292efbc711b8849200940539a94?s=96&d=mm&r=g\",\"contentUrl\":\"https:\/\/secure.gravatar.com\/avatar\/e78741af444c7be3cb4a82a6e931f1eec22a7292efbc711b8849200940539a94?s=96&d=mm&r=g\",\"caption\":\"Milos Azman\"}}]}<\/script>\n<!-- \/ Yoast SEO plugin. -->","yoast_head_json":{"title":"Csal\u00e1dbar\u00e1t a Zipline Dolinka? A v\u00e9gs\u0151 \u00fatmutat\u00f3 a zipline kalandhoz gyerekekkel Szlov\u00e9ni\u00e1ban - Zipline Dolinka","description":"A bledi Zipline Dolinka egy biztons\u00e1gos \u00e9s csal\u00e1dbar\u00e1t kaland gyerekekkel - l\u00e9legzetel\u00e1ll\u00edt\u00f3 term\u00e9szet \u00e9s garant\u00e1lt sz\u00f3rakoz\u00e1s kicsiknek \u00e9s nagyoknak.","robots":{"index":"index","follow":"follow","max-snippet":"max-snippet:-1","max-image-preview":"max-image-preview:large","max-video-preview":"max-video-preview:-1"},"canonical":"https:\/\/zipline-dolinka.si\/hu\/blog\/zipline-dolinka-gyerekekkel-csaladi-elmeny-bled\/","og_locale":"hu_HU","og_type":"article","og_title":"Csal\u00e1dbar\u00e1t a Zipline Dolinka? A v\u00e9gs\u0151 \u00fatmutat\u00f3 a zipline kalandhoz gyerekekkel Szlov\u00e9ni\u00e1ban - Zipline Dolinka","og_description":"A bledi Zipline Dolinka egy biztons\u00e1gos \u00e9s csal\u00e1dbar\u00e1t kaland gyerekekkel - l\u00e9legzetel\u00e1ll\u00edt\u00f3 term\u00e9szet \u00e9s garant\u00e1lt sz\u00f3rakoz\u00e1s kicsiknek \u00e9s nagyoknak.","og_url":"https:\/\/zipline-dolinka.si\/hu\/blog\/zipline-dolinka-gyerekekkel-csaladi-elmeny-bled\/","og_site_name":"Zipline Dolinka","article_publisher":"https:\/\/www.facebook.com\/ZiplineDolinka\/","article_published_time":"2025-02-03T10:04:19+00:00","article_modified_time":"2025-04-02T10:47:48+00:00","og_image":[{"width":2560,"height":1706,"url":"https:\/\/zipline-dolinka.si\/wp-content\/uploads\/2025\/01\/000_5117-Edit-scaled.jpg","type":"image\/jpeg"}],"author":"Milos Azman","twitter_card":"summary_large_image","twitter_misc":{"Szerz\u0151:":"Milos Azman","Becs\u00fclt olvas\u00e1si id\u0151":"2 perc"},"schema":{"@context":"https:\/\/schema.org","@graph":[{"@type":"Article","@id":"https:\/\/zipline-dolinka.si\/hu\/blog\/zipline-dolinka-gyerekekkel-csaladi-elmeny-bled\/#article","isPartOf":{"@id":"https:\/\/zipline-dolinka.si\/hu\/blog\/zipline-dolinka-gyerekekkel-csaladi-elmeny-bled\/"},"author":{"name":"Milos Azman","@id":"https:\/\/zipline-dolinka.si\/hu\/#\/schema\/person\/0ca1eb4972778708158357626c859264"},"headline":"Csal\u00e1dbar\u00e1t a Zipline Dolinka? A v\u00e9gs\u0151 \u00fatmutat\u00f3 a zipline kalandhoz gyerekekkel Szlov\u00e9ni\u00e1ban","datePublished":"2025-02-03T10:04:19+00:00","dateModified":"2025-04-02T10:47:48+00:00","mainEntityOfPage":{"@id":"https:\/\/zipline-dolinka.si\/hu\/blog\/zipline-dolinka-gyerekekkel-csaladi-elmeny-bled\/"},"wordCount":437,"commentCount":0,"publisher":{"@id":"https:\/\/zipline-dolinka.si\/hu\/#organization"},"image":{"@id":"https:\/\/zipline-dolinka.si\/hu\/blog\/zipline-dolinka-gyerekekkel-csaladi-elmeny-bled\/#primaryimage"},"thumbnailUrl":"https:\/\/zipline-dolinka.si\/wp-content\/uploads\/2025\/01\/000_5117-Edit-scaled.jpg","articleSection":["Uncategorized @hu"],"inLanguage":"hu","potentialAction":[{"@type":"CommentAction","name":"Comment","target":["https:\/\/zipline-dolinka.si\/hu\/blog\/zipline-dolinka-gyerekekkel-csaladi-elmeny-bled\/#respond"]}]},{"@type":"WebPage","@id":"https:\/\/zipline-dolinka.si\/hu\/blog\/zipline-dolinka-gyerekekkel-csaladi-elmeny-bled\/","url":"https:\/\/zipline-dolinka.si\/hu\/blog\/zipline-dolinka-gyerekekkel-csaladi-elmeny-bled\/","name":"Csal\u00e1dbar\u00e1t a Zipline Dolinka? A v\u00e9gs\u0151 \u00fatmutat\u00f3 a zipline kalandhoz gyerekekkel Szlov\u00e9ni\u00e1ban - Zipline Dolinka","isPartOf":{"@id":"https:\/\/zipline-dolinka.si\/hu\/#website"},"primaryImageOfPage":{"@id":"https:\/\/zipline-dolinka.si\/hu\/blog\/zipline-dolinka-gyerekekkel-csaladi-elmeny-bled\/#primaryimage"},"image":{"@id":"https:\/\/zipline-dolinka.si\/hu\/blog\/zipline-dolinka-gyerekekkel-csaladi-elmeny-bled\/#primaryimage"},"thumbnailUrl":"https:\/\/zipline-dolinka.si\/wp-content\/uploads\/2025\/01\/000_5117-Edit-scaled.jpg","datePublished":"2025-02-03T10:04:19+00:00","dateModified":"2025-04-02T10:47:48+00:00","description":"A bledi Zipline Dolinka egy biztons\u00e1gos \u00e9s csal\u00e1dbar\u00e1t kaland gyerekekkel - l\u00e9legzetel\u00e1ll\u00edt\u00f3 term\u00e9szet \u00e9s garant\u00e1lt sz\u00f3rakoz\u00e1s kicsiknek \u00e9s nagyoknak.","breadcrumb":{"@id":"https:\/\/zipline-dolinka.si\/hu\/blog\/zipline-dolinka-gyerekekkel-csaladi-elmeny-bled\/#breadcrumb"},"inLanguage":"hu","potentialAction":[{"@type":"ReadAction","target":["https:\/\/zipline-dolinka.si\/hu\/blog\/zipline-dolinka-gyerekekkel-csaladi-elmeny-bled\/"]}]},{"@type":"ImageObject","inLanguage":"hu","@id":"https:\/\/zipline-dolinka.si\/hu\/blog\/zipline-dolinka-gyerekekkel-csaladi-elmeny-bled\/#primaryimage","url":"https:\/\/zipline-dolinka.si\/wp-content\/uploads\/2025\/01\/000_5117-Edit-scaled.jpg","contentUrl":"https:\/\/zipline-dolinka.si\/wp-content\/uploads\/2025\/01\/000_5117-Edit-scaled.jpg","width":2560,"height":1706},{"@type":"BreadcrumbList","@id":"https:\/\/zipline-dolinka.si\/hu\/blog\/zipline-dolinka-gyerekekkel-csaladi-elmeny-bled\/#breadcrumb","itemListElement":[{"@type":"ListItem","position":1,"name":"Kezd\u0151lap","item":"https:\/\/zipline-dolinka.si\/hu\/"},{"@type":"ListItem","position":2,"name":"Csal\u00e1dbar\u00e1t a Zipline Dolinka? A v\u00e9gs\u0151 \u00fatmutat\u00f3 a zipline kalandhoz gyerekekkel Szlov\u00e9ni\u00e1ban"}]},{"@type":"WebSite","@id":"https:\/\/zipline-dolinka.si\/hu\/#website","url":"https:\/\/zipline-dolinka.si\/hu\/","name":"Zipline Dolinka","description":"The Longest Zipline in Europe","publisher":{"@id":"https:\/\/zipline-dolinka.si\/hu\/#organization"},"potentialAction":[{"@type":"SearchAction","target":{"@type":"EntryPoint","urlTemplate":"https:\/\/zipline-dolinka.si\/hu\/?s={search_term_string}"},"query-input":{"@type":"PropertyValueSpecification","valueRequired":true,"valueName":"search_term_string"}}],"inLanguage":"hu"},{"@type":"Organization","@id":"https:\/\/zipline-dolinka.si\/hu\/#organization","name":"Zipline Dolinka Bled","url":"https:\/\/zipline-dolinka.si\/hu\/","logo":{"@type":"ImageObject","inLanguage":"hu","@id":"https:\/\/zipline-dolinka.si\/hu\/#\/schema\/logo\/image\/","url":"https:\/\/zipline-dolinka.si\/wp-content\/uploads\/2022\/05\/cropped-ziplinedolonka-favicon.png","contentUrl":"https:\/\/zipline-dolinka.si\/wp-content\/uploads\/2022\/05\/cropped-ziplinedolonka-favicon.png","width":512,"height":512,"caption":"Zipline Dolinka Bled"},"image":{"@id":"https:\/\/zipline-dolinka.si\/hu\/#\/schema\/logo\/image\/"},"sameAs":["https:\/\/www.facebook.com\/ZiplineDolinka\/","https:\/\/www.tripadvisor.com\/Attraction_Review-g274863-d14139627-Reviews-Zipline_Dolinka-Bled_Upper_Carniola_Region.html"]},{"@type":"Person","@id":"https:\/\/zipline-dolinka.si\/hu\/#\/schema\/person\/0ca1eb4972778708158357626c859264","name":"Milos Azman","image":{"@type":"ImageObject","inLanguage":"hu","@id":"https:\/\/zipline-dolinka.si\/hu\/#\/schema\/person\/image\/","url":"https:\/\/secure.gravatar.com\/avatar\/e78741af444c7be3cb4a82a6e931f1eec22a7292efbc711b8849200940539a94?s=96&d=mm&r=g","contentUrl":"https:\/\/secure.gravatar.com\/avatar\/e78741af444c7be3cb4a82a6e931f1eec22a7292efbc711b8849200940539a94?s=96&d=mm&r=g","caption":"Milos Azman"}}]}},"_links":{"self":[{"href":"https:\/\/zipline-dolinka.si\/hu\/wp-json\/wp\/v2\/posts\/5539","targetHints":{"allow":["GET"]}}],"collection":[{"href":"https:\/\/zipline-dolinka.si\/hu\/wp-json\/wp\/v2\/posts"}],"about":[{"href":"https:\/\/zipline-dolinka.si\/hu\/wp-json\/wp\/v2\/types\/post"}],"author":[{"embeddable":true,"href":"https:\/\/zipline-dolinka.si\/hu\/wp-json\/wp\/v2\/users\/2"}],"replies":[{"embeddable":true,"href":"https:\/\/zipline-dolinka.si\/hu\/wp-json\/wp\/v2\/comments?post=5539"}],"version-history":[{"count":1,"href":"https:\/\/zipline-dolinka.si\/hu\/wp-json\/wp\/v2\/posts\/5539\/revisions"}],"predecessor-version":[{"id":5540,"href":"https:\/\/zipline-dolinka.si\/hu\/wp-json\/wp\/v2\/posts\/5539\/revisions\/5540"}],"wp:featuredmedia":[{"embeddable":true,"href":"https:\/\/zipline-dolinka.si\/hu\/wp-json\/wp\/v2\/media\/4715"}],"wp:attachment":[{"href":"https:\/\/zipline-dolinka.si\/hu\/wp-json\/wp\/v2\/media?parent=5539"}],"wp:term":[{"taxonomy":"category","embeddable":true,"href":"https:\/\/zipline-dolinka.si\/hu\/wp-json\/wp\/v2\/categories?post=5539"},{"taxonomy":"post_tag","embeddable":true,"href":"https:\/\/zipline-dolinka.si\/hu\/wp-json\/wp\/v2\/tags?post=5539"}],"curies":[{"name":"wp","href":"https:\/\/api.w.org\/{rel}","templated":true}]}}